{"id":1126,"date":"2019-09-22T07:31:59","date_gmt":"2019-09-22T06:31:59","guid":{"rendered":"https:\/\/medienerbe-ddr.de\/?p=1126"},"modified":"2019-09-22T07:32:01","modified_gmt":"2019-09-22T06:32:01","slug":"online-archiv-open-memory-box-ddr-alltag-auf-schmalfilm-2","status":"publish","type":"post","link":"https:\/\/medienerbe-ddr.de\/index.php\/2019\/09\/22\/online-archiv-open-memory-box-ddr-alltag-auf-schmalfilm-2\/","title":{"rendered":"Online-Archiv \u201eOpen Memory Box\u201c: DDR-Alltag auf Schmalfilm"},"content":{"rendered":"\n<p>In sechsj\u00e4hriger Arbeit hat ein internationales Team das innovative Online-Archiv \u201eOpen Memory Box\u201c entwickelt. Die Sammlung umfasst \u00fcber 415 Stunden privater Filmsequenzen \u2013 von Kindergeburtstagen bis zu Begr\u00e4bnissen, von 1. Mai Kundgebungen bis zur Republikflucht \u2013, die zwischen 1947 und 1990 von 150 Familien in der DDR gedreht wurden. Am 23. September wird das Archiv <a rel=\"noreferrer noopener\" aria-label=\"www.open-memory-box.de (\u00f6ffnet in neuem Tab)\" href=\"http:\/\/www.open-memory-box.de\" target=\"_blank\">www.open-memory-box.de<\/a> erstmalig der weltweiten \u00d6ffentlichkeit kostenlos zug\u00e4ngig gemacht.<\/p>\n\n\n\n<p>Das Projekt wurde 2013 vom schwedisch-argentinischen Filmproduzenten Alberto Herskovits und dem kanadischen Politikwissenschaftler Prof. Laurence McFalls ins Leben gerufen. \u201eUnsere Absicht ist, Stereotypen \u2013 sowohl sch\u00f6nf\u00e4rberische als auch schwarzmalerische \u2013 bei der Bewertung der DDR-Vergangenheit mit einer anderen Sichtweise \u2013 wie der des intuitiven \u201aAnti-Archiv\u2019-Bereichs auf der Webseite \u2013 aufzubrechen. Wir wollen sehen, wie alte home movies aus der DDR und neue Medienformen deutsch-deutsche Erinnerungsdebatten bereichern k\u00f6nnen\u201c, erkl\u00e4rt McFalls, der seit 30 Jahren die Wiedervereinigungsgeschichte von jenseits des Atlantiks beobachtet. \u201eDer spielerische Umgang mit dem Quellenmaterial und die Emanzipation des Zufalls hinterfragen tradierte Archivans\u00e4tze. Der private Blick wird \u00f6ffentlich, der Schmalfilm zum Spiegel in dem wir uns selbst wiedererkennen,\u201c erg\u00e4nzt Herskovits, der 1990 bereits seinen ersten Dokumentarfilm in der noch-DDR gedreht hat.<\/p>\n\n\n\n<p>Mehr als 30 Mitarbeiter waren zeitweilig in Kanada, Schweden und Deutschland mit der Digitalisierung, Sichtung und Verschlagwortung von 2.238 Schmalfilmrollen besch\u00e4ftigt, die im Sommer 2014 binnen weniger Wochen nach einem deutschlandweiten Aufruf eingesandt wurden. Eine Reihe neu produzierter Kurzfilme erg\u00e4nzt das Archiv mit wichtiger Kontextualisierung. \u201eDie Open Memory Box,\u201c meint der Experte f\u00fcr Mediengeschichte Professor Frank B\u00f6sch, Direktor des Leibniz- Zentrums f\u00fcr Zeithistorische Forschung Potsdam, \u201egibt Forschern und der breiten \u00d6ffentlichkeit einen einzigartigen Einblick in den privaten Alltag der DDR, ebenso in die heutige Deutung solcher Aufnahmen.\u201c<\/p>\n\n\n\n<h2 class=\"wp-block-heading\">Termine<\/h2>\n\n\n\n<p>Beim Pressetermin am <strong>23. September, 11:00 Uhr <\/strong>wird \u201eOpen Memory Box\u201c von Alberto Herskovits und Laurence McFalls erstmals \u00f6ffentlich vorgestellt. Den Startschuss zur Ver\u00f6ffentlichung des Archivs geben der Kanadische Botschafter, Au\u00dfenminister a.D. St\u00e9phane Dion, und der Stiftungsratsvorsitzende der Bundesstiftung zur Aufarbeitung der SED-Diktatur, Au\u00dfenminister a.D. Markus Meckel.<\/p>\n\n\n\n<p>Am <strong>24. September um 18:00 Uhr <\/strong>wird \u201eOpen Memory Box\u201c bei einer <a rel=\"noreferrer noopener\" aria-label=\"Podiumsveranstaltung (\u00f6ffnet in neuem Tab)\" href=\"https:\/\/www.bundesstiftung-aufarbeitung.de\/veranstaltungen-2019-6978.html?id=3543\" target=\"_blank\">Podiumsveranstaltung<\/a> im Haus<br>der Bundesstiftung Aufarbeitung in Berlin \u00f6ffentlich pr\u00e4sentiert.<\/p>\n\n\n\n<p>Am <strong>26. September um 16:30 Uhr<\/strong> wird das Projekt im Rahmen des <a href=\"https:\/\/www.moving-history.de\/programm\/open-memory-box\/\" target=\"_blank\" rel=\"noreferrer noopener\" aria-label=\"Filmfestivals moving history (\u00f6ffnet in neuem Tab)\">Filmfestivals <\/a><em><a href=\"https:\/\/www.moving-history.de\/programm\/open-memory-box\/\" target=\"_blank\" rel=\"noreferrer noopener\" aria-label=\"Filmfestivals moving history (\u00f6ffnet in neuem Tab)\">moving history<\/a><\/em> in Potsdam vorgestellt.<\/p>\n\n\n\n<p><\/p>\n","protected":false},"excerpt":{"rendered":"<p>In sechsj\u00e4hriger Arbeit hat ein internationales Team das innovative Online-Archiv \u201eOpen Memory Box\u201c entwickelt. Die Sammlung umfasst \u00fcber 415 Stunden privater Filmsequenzen \u2013 von Kindergeburtstagen bis zu Begr\u00e4bnissen, von 1&#8230;. <a href=\"https:\/\/medienerbe-ddr.de\/index.php\/2019\/09\/22\/online-archiv-open-memory-box-ddr-alltag-auf-schmalfilm-2\/\">Read more &raquo;<\/a><\/p>\n","protected":false},"author":4,"featured_media":1120,"comment_status":"closed","ping_status":"open","sticky":false,"template":"","format":"standard","meta":{"_acf_changed":false,"footnotes":""},"categories":[11],"tags":[],"class_list":["post-1126","post","type-post","status-publish","format-standard","has-post-thumbnail","hentry","category-veranstaltung"],"acf":[],"yoast_head":"<!-- This site is optimized with the Yoast SEO plugin v27.4 - https:\/\/yoast.com\/product\/yoast-seo-wordpress\/ -->\n<title>Online-Archiv \u201eOpen Memory Box\u201c: DDR-Alltag auf Schmalfilm - Das mediale Erbe der DDR<\/title>\n<meta name=\"robots\" content=\"index, follow, max-snippet:-1, max-image-preview:large, max-video-preview:-1\" \/>\n<link rel=\"canonical\" href=\"https:\/\/medienerbe-ddr.de\/index.php\/2019\/09\/22\/online-archiv-open-memory-box-ddr-alltag-auf-schmalfilm-2\/\" \/>\n<meta property=\"og:locale\" content=\"de_DE\" \/>\n<meta property=\"og:type\" content=\"article\" \/>\n<meta property=\"og:title\" content=\"Online-Archiv \u201eOpen Memory Box\u201c: DDR-Alltag auf Schmalfilm - Das mediale Erbe der DDR\" \/>\n<meta property=\"og:description\" content=\"In sechsj\u00e4hriger Arbeit hat ein internationales Team das innovative Online-Archiv \u201eOpen Memory Box\u201c entwickelt. Die Sammlung umfasst \u00fcber 415 Stunden privater Filmsequenzen \u2013 von Kindergeburtstagen bis zu Begr\u00e4bnissen, von 1.... Read more &raquo;\" \/>\n<meta property=\"og:url\" content=\"https:\/\/medienerbe-ddr.de\/index.php\/2019\/09\/22\/online-archiv-open-memory-box-ddr-alltag-auf-schmalfilm-2\/\" \/>\n<meta property=\"og:site_name\" content=\"Das mediale Erbe der DDR\" \/>\n<meta property=\"article:published_time\" content=\"2019-09-22T06:31:59+00:00\" \/>\n<meta property=\"article:modified_time\" content=\"2019-09-22T06:32:01+00:00\" \/>\n<meta property=\"og:image\" content=\"https:\/\/medienerbe-ddr.de\/wp-content\/uploads\/2019\/09\/OMB_013-08-1024x768.jpg\" \/>\n\t<meta property=\"og:image:width\" content=\"1024\" \/>\n\t<meta property=\"og:image:height\" content=\"768\" \/>\n\t<meta property=\"og:image:type\" content=\"image\/jpeg\" \/>\n<meta name=\"author\" content=\"Daria Gordeeva\" \/>\n<meta name=\"twitter:card\" content=\"summary_large_image\" \/>\n<meta name=\"twitter:label1\" content=\"Verfasst von\" \/>\n\t<meta name=\"twitter:data1\" content=\"Daria Gordeeva\" \/>\n\t<meta name=\"twitter:label2\" content=\"Gesch\u00e4tzte Lesezeit\" \/>\n\t<meta name=\"twitter:data2\" content=\"2\u00a0Minuten\" \/>\n<script type=\"application\/ld+json\" class=\"yoast-schema-graph\">{\"@context\":\"https:\\\/\\\/schema.org\",\"@graph\":[{\"@type\":\"Article\",\"@id\":\"https:\\\/\\\/medienerbe-ddr.de\\\/index.php\\\/2019\\\/09\\\/22\\\/online-archiv-open-memory-box-ddr-alltag-auf-schmalfilm-2\\\/#article\",\"isPartOf\":{\"@id\":\"https:\\\/\\\/medienerbe-ddr.de\\\/index.php\\\/2019\\\/09\\\/22\\\/online-archiv-open-memory-box-ddr-alltag-auf-schmalfilm-2\\\/\"},\"author\":{\"name\":\"Daria Gordeeva\",\"@id\":\"https:\\\/\\\/medienerbe-ddr.de\\\/#\\\/schema\\\/person\\\/2c9264ce686b669cc9cb8642f2acaaa2\"},\"headline\":\"Online-Archiv \u201eOpen Memory Box\u201c: DDR-Alltag auf Schmalfilm\",\"datePublished\":\"2019-09-22T06:31:59+00:00\",\"dateModified\":\"2019-09-22T06:32:01+00:00\",\"mainEntityOfPage\":{\"@id\":\"https:\\\/\\\/medienerbe-ddr.de\\\/index.php\\\/2019\\\/09\\\/22\\\/online-archiv-open-memory-box-ddr-alltag-auf-schmalfilm-2\\\/\"},\"wordCount\":366,\"publisher\":{\"@id\":\"https:\\\/\\\/medienerbe-ddr.de\\\/#organization\"},\"image\":{\"@id\":\"https:\\\/\\\/medienerbe-ddr.de\\\/index.php\\\/2019\\\/09\\\/22\\\/online-archiv-open-memory-box-ddr-alltag-auf-schmalfilm-2\\\/#primaryimage\"},\"thumbnailUrl\":\"https:\\\/\\\/medienerbe-ddr.de\\\/wp-content\\\/uploads\\\/2019\\\/09\\\/OMB_013-08.jpg\",\"articleSection\":[\"Veranstaltung\"],\"inLanguage\":\"de\"},{\"@type\":\"WebPage\",\"@id\":\"https:\\\/\\\/medienerbe-ddr.de\\\/index.php\\\/2019\\\/09\\\/22\\\/online-archiv-open-memory-box-ddr-alltag-auf-schmalfilm-2\\\/\",\"url\":\"https:\\\/\\\/medienerbe-ddr.de\\\/index.php\\\/2019\\\/09\\\/22\\\/online-archiv-open-memory-box-ddr-alltag-auf-schmalfilm-2\\\/\",\"name\":\"Online-Archiv \u201eOpen Memory Box\u201c: DDR-Alltag auf Schmalfilm - Das mediale Erbe der DDR\",\"isPartOf\":{\"@id\":\"https:\\\/\\\/medienerbe-ddr.de\\\/#website\"},\"primaryImageOfPage\":{\"@id\":\"https:\\\/\\\/medienerbe-ddr.de\\\/index.php\\\/2019\\\/09\\\/22\\\/online-archiv-open-memory-box-ddr-alltag-auf-schmalfilm-2\\\/#primaryimage\"},\"image\":{\"@id\":\"https:\\\/\\\/medienerbe-ddr.de\\\/index.php\\\/2019\\\/09\\\/22\\\/online-archiv-open-memory-box-ddr-alltag-auf-schmalfilm-2\\\/#primaryimage\"},\"thumbnailUrl\":\"https:\\\/\\\/medienerbe-ddr.de\\\/wp-content\\\/uploads\\\/2019\\\/09\\\/OMB_013-08.jpg\",\"datePublished\":\"2019-09-22T06:31:59+00:00\",\"dateModified\":\"2019-09-22T06:32:01+00:00\",\"breadcrumb\":{\"@id\":\"https:\\\/\\\/medienerbe-ddr.de\\\/index.php\\\/2019\\\/09\\\/22\\\/online-archiv-open-memory-box-ddr-alltag-auf-schmalfilm-2\\\/#breadcrumb\"},\"inLanguage\":\"de\",\"potentialAction\":[{\"@type\":\"ReadAction\",\"target\":[\"https:\\\/\\\/medienerbe-ddr.de\\\/index.php\\\/2019\\\/09\\\/22\\\/online-archiv-open-memory-box-ddr-alltag-auf-schmalfilm-2\\\/\"]}]},{\"@type\":\"ImageObject\",\"inLanguage\":\"de\",\"@id\":\"https:\\\/\\\/medienerbe-ddr.de\\\/index.php\\\/2019\\\/09\\\/22\\\/online-archiv-open-memory-box-ddr-alltag-auf-schmalfilm-2\\\/#primaryimage\",\"url\":\"https:\\\/\\\/medienerbe-ddr.de\\\/wp-content\\\/uploads\\\/2019\\\/09\\\/OMB_013-08.jpg\",\"contentUrl\":\"https:\\\/\\\/medienerbe-ddr.de\\\/wp-content\\\/uploads\\\/2019\\\/09\\\/OMB_013-08.jpg\",\"width\":6000,\"height\":4500},{\"@type\":\"BreadcrumbList\",\"@id\":\"https:\\\/\\\/medienerbe-ddr.de\\\/index.php\\\/2019\\\/09\\\/22\\\/online-archiv-open-memory-box-ddr-alltag-auf-schmalfilm-2\\\/#breadcrumb\",\"itemListElement\":[{\"@type\":\"ListItem\",\"position\":1,\"name\":\"Startseite\",\"item\":\"https:\\\/\\\/medienerbe-ddr.de\\\/\"},{\"@type\":\"ListItem\",\"position\":2,\"name\":\"Online-Archiv \u201eOpen Memory Box\u201c: DDR-Alltag auf Schmalfilm\"}]},{\"@type\":\"WebSite\",\"@id\":\"https:\\\/\\\/medienerbe-ddr.de\\\/#website\",\"url\":\"https:\\\/\\\/medienerbe-ddr.de\\\/\",\"name\":\"Das mediale Erbe der DDR\",\"description\":\"Akteure, Aneignung, Tradierung\",\"publisher\":{\"@id\":\"https:\\\/\\\/medienerbe-ddr.de\\\/#organization\"},\"potentialAction\":[{\"@type\":\"SearchAction\",\"target\":{\"@type\":\"EntryPoint\",\"urlTemplate\":\"https:\\\/\\\/medienerbe-ddr.de\\\/?s={search_term_string}\"},\"query-input\":{\"@type\":\"PropertyValueSpecification\",\"valueRequired\":true,\"valueName\":\"search_term_string\"}}],\"inLanguage\":\"de\"},{\"@type\":\"Organization\",\"@id\":\"https:\\\/\\\/medienerbe-ddr.de\\\/#organization\",\"name\":\"Forschungsverbund Das mediale Erbe der DDR\",\"url\":\"https:\\\/\\\/medienerbe-ddr.de\\\/\",\"logo\":{\"@type\":\"ImageObject\",\"inLanguage\":\"de\",\"@id\":\"https:\\\/\\\/medienerbe-ddr.de\\\/#\\\/schema\\\/logo\\\/image\\\/\",\"url\":\"https:\\\/\\\/medienerbe-ddr.de\\\/wp-content\\\/uploads\\\/2019\\\/03\\\/LogoDDR_27mm-hg-weiss.png\",\"contentUrl\":\"https:\\\/\\\/medienerbe-ddr.de\\\/wp-content\\\/uploads\\\/2019\\\/03\\\/LogoDDR_27mm-hg-weiss.png\",\"width\":319,\"height\":305,\"caption\":\"Forschungsverbund Das mediale Erbe der DDR\"},\"image\":{\"@id\":\"https:\\\/\\\/medienerbe-ddr.de\\\/#\\\/schema\\\/logo\\\/image\\\/\"}},{\"@type\":\"Person\",\"@id\":\"https:\\\/\\\/medienerbe-ddr.de\\\/#\\\/schema\\\/person\\\/2c9264ce686b669cc9cb8642f2acaaa2\",\"name\":\"Daria Gordeeva\",\"image\":{\"@type\":\"ImageObject\",\"inLanguage\":\"de\",\"@id\":\"https:\\\/\\\/secure.gravatar.com\\\/avatar\\\/ebe97abaef1b4352f4e5d1b736234467d170792075e4a207e94a66d68e9469e9?s=96&d=mm&r=g\",\"url\":\"https:\\\/\\\/secure.gravatar.com\\\/avatar\\\/ebe97abaef1b4352f4e5d1b736234467d170792075e4a207e94a66d68e9469e9?s=96&d=mm&r=g\",\"contentUrl\":\"https:\\\/\\\/secure.gravatar.com\\\/avatar\\\/ebe97abaef1b4352f4e5d1b736234467d170792075e4a207e94a66d68e9469e9?s=96&d=mm&r=g\",\"caption\":\"Daria Gordeeva\"},\"url\":\"https:\\\/\\\/medienerbe-ddr.de\\\/index.php\\\/author\\\/daria\\\/\"}]}<\/script>\n<!-- \/ Yoast SEO plugin. -->","yoast_head_json":{"title":"Online-Archiv \u201eOpen Memory Box\u201c: DDR-Alltag auf Schmalfilm - Das mediale Erbe der DDR","robots":{"index":"index","follow":"follow","max-snippet":"max-snippet:-1","max-image-preview":"max-image-preview:large","max-video-preview":"max-video-preview:-1"},"canonical":"https:\/\/medienerbe-ddr.de\/index.php\/2019\/09\/22\/online-archiv-open-memory-box-ddr-alltag-auf-schmalfilm-2\/","og_locale":"de_DE","og_type":"article","og_title":"Online-Archiv \u201eOpen Memory Box\u201c: DDR-Alltag auf Schmalfilm - Das mediale Erbe der DDR","og_description":"In sechsj\u00e4hriger Arbeit hat ein internationales Team das innovative Online-Archiv \u201eOpen Memory Box\u201c entwickelt. Die Sammlung umfasst \u00fcber 415 Stunden privater Filmsequenzen \u2013 von Kindergeburtstagen bis zu Begr\u00e4bnissen, von 1.... Read more &raquo;","og_url":"https:\/\/medienerbe-ddr.de\/index.php\/2019\/09\/22\/online-archiv-open-memory-box-ddr-alltag-auf-schmalfilm-2\/","og_site_name":"Das mediale Erbe der DDR","article_published_time":"2019-09-22T06:31:59+00:00","article_modified_time":"2019-09-22T06:32:01+00:00","og_image":[{"width":1024,"height":768,"url":"https:\/\/medienerbe-ddr.de\/wp-content\/uploads\/2019\/09\/OMB_013-08-1024x768.jpg","type":"image\/jpeg"}],"author":"Daria Gordeeva","twitter_card":"summary_large_image","twitter_misc":{"Verfasst von":"Daria Gordeeva","Gesch\u00e4tzte Lesezeit":"2\u00a0Minuten"},"schema":{"@context":"https:\/\/schema.org","@graph":[{"@type":"Article","@id":"https:\/\/medienerbe-ddr.de\/index.php\/2019\/09\/22\/online-archiv-open-memory-box-ddr-alltag-auf-schmalfilm-2\/#article","isPartOf":{"@id":"https:\/\/medienerbe-ddr.de\/index.php\/2019\/09\/22\/online-archiv-open-memory-box-ddr-alltag-auf-schmalfilm-2\/"},"author":{"name":"Daria Gordeeva","@id":"https:\/\/medienerbe-ddr.de\/#\/schema\/person\/2c9264ce686b669cc9cb8642f2acaaa2"},"headline":"Online-Archiv \u201eOpen Memory Box\u201c: DDR-Alltag auf Schmalfilm","datePublished":"2019-09-22T06:31:59+00:00","dateModified":"2019-09-22T06:32:01+00:00","mainEntityOfPage":{"@id":"https:\/\/medienerbe-ddr.de\/index.php\/2019\/09\/22\/online-archiv-open-memory-box-ddr-alltag-auf-schmalfilm-2\/"},"wordCount":366,"publisher":{"@id":"https:\/\/medienerbe-ddr.de\/#organization"},"image":{"@id":"https:\/\/medienerbe-ddr.de\/index.php\/2019\/09\/22\/online-archiv-open-memory-box-ddr-alltag-auf-schmalfilm-2\/#primaryimage"},"thumbnailUrl":"https:\/\/medienerbe-ddr.de\/wp-content\/uploads\/2019\/09\/OMB_013-08.jpg","articleSection":["Veranstaltung"],"inLanguage":"de"},{"@type":"WebPage","@id":"https:\/\/medienerbe-ddr.de\/index.php\/2019\/09\/22\/online-archiv-open-memory-box-ddr-alltag-auf-schmalfilm-2\/","url":"https:\/\/medienerbe-ddr.de\/index.php\/2019\/09\/22\/online-archiv-open-memory-box-ddr-alltag-auf-schmalfilm-2\/","name":"Online-Archiv \u201eOpen Memory Box\u201c: DDR-Alltag auf Schmalfilm - Das mediale Erbe der DDR","isPartOf":{"@id":"https:\/\/medienerbe-ddr.de\/#website"},"primaryImageOfPage":{"@id":"https:\/\/medienerbe-ddr.de\/index.php\/2019\/09\/22\/online-archiv-open-memory-box-ddr-alltag-auf-schmalfilm-2\/#primaryimage"},"image":{"@id":"https:\/\/medienerbe-ddr.de\/index.php\/2019\/09\/22\/online-archiv-open-memory-box-ddr-alltag-auf-schmalfilm-2\/#primaryimage"},"thumbnailUrl":"https:\/\/medienerbe-ddr.de\/wp-content\/uploads\/2019\/09\/OMB_013-08.jpg","datePublished":"2019-09-22T06:31:59+00:00","dateModified":"2019-09-22T06:32:01+00:00","breadcrumb":{"@id":"https:\/\/medienerbe-ddr.de\/index.php\/2019\/09\/22\/online-archiv-open-memory-box-ddr-alltag-auf-schmalfilm-2\/#breadcrumb"},"inLanguage":"de","potentialAction":[{"@type":"ReadAction","target":["https:\/\/medienerbe-ddr.de\/index.php\/2019\/09\/22\/online-archiv-open-memory-box-ddr-alltag-auf-schmalfilm-2\/"]}]},{"@type":"ImageObject","inLanguage":"de","@id":"https:\/\/medienerbe-ddr.de\/index.php\/2019\/09\/22\/online-archiv-open-memory-box-ddr-alltag-auf-schmalfilm-2\/#primaryimage","url":"https:\/\/medienerbe-ddr.de\/wp-content\/uploads\/2019\/09\/OMB_013-08.jpg","contentUrl":"https:\/\/medienerbe-ddr.de\/wp-content\/uploads\/2019\/09\/OMB_013-08.jpg","width":6000,"height":4500},{"@type":"BreadcrumbList","@id":"https:\/\/medienerbe-ddr.de\/index.php\/2019\/09\/22\/online-archiv-open-memory-box-ddr-alltag-auf-schmalfilm-2\/#breadcrumb","itemListElement":[{"@type":"ListItem","position":1,"name":"Startseite","item":"https:\/\/medienerbe-ddr.de\/"},{"@type":"ListItem","position":2,"name":"Online-Archiv \u201eOpen Memory Box\u201c: DDR-Alltag auf Schmalfilm"}]},{"@type":"WebSite","@id":"https:\/\/medienerbe-ddr.de\/#website","url":"https:\/\/medienerbe-ddr.de\/","name":"Das mediale Erbe der DDR","description":"Akteure, Aneignung, Tradierung","publisher":{"@id":"https:\/\/medienerbe-ddr.de\/#organization"},"potentialAction":[{"@type":"SearchAction","target":{"@type":"EntryPoint","urlTemplate":"https:\/\/medienerbe-ddr.de\/?s={search_term_string}"},"query-input":{"@type":"PropertyValueSpecification","valueRequired":true,"valueName":"search_term_string"}}],"inLanguage":"de"},{"@type":"Organization","@id":"https:\/\/medienerbe-ddr.de\/#organization","name":"Forschungsverbund Das mediale Erbe der DDR","url":"https:\/\/medienerbe-ddr.de\/","logo":{"@type":"ImageObject","inLanguage":"de","@id":"https:\/\/medienerbe-ddr.de\/#\/schema\/logo\/image\/","url":"https:\/\/medienerbe-ddr.de\/wp-content\/uploads\/2019\/03\/LogoDDR_27mm-hg-weiss.png","contentUrl":"https:\/\/medienerbe-ddr.de\/wp-content\/uploads\/2019\/03\/LogoDDR_27mm-hg-weiss.png","width":319,"height":305,"caption":"Forschungsverbund Das mediale Erbe der DDR"},"image":{"@id":"https:\/\/medienerbe-ddr.de\/#\/schema\/logo\/image\/"}},{"@type":"Person","@id":"https:\/\/medienerbe-ddr.de\/#\/schema\/person\/2c9264ce686b669cc9cb8642f2acaaa2","name":"Daria Gordeeva","image":{"@type":"ImageObject","inLanguage":"de","@id":"https:\/\/secure.gravatar.com\/avatar\/ebe97abaef1b4352f4e5d1b736234467d170792075e4a207e94a66d68e9469e9?s=96&d=mm&r=g","url":"https:\/\/secure.gravatar.com\/avatar\/ebe97abaef1b4352f4e5d1b736234467d170792075e4a207e94a66d68e9469e9?s=96&d=mm&r=g","contentUrl":"https:\/\/secure.gravatar.com\/avatar\/ebe97abaef1b4352f4e5d1b736234467d170792075e4a207e94a66d68e9469e9?s=96&d=mm&r=g","caption":"Daria Gordeeva"},"url":"https:\/\/medienerbe-ddr.de\/index.php\/author\/daria\/"}]}},"_links":{"self":[{"href":"https:\/\/medienerbe-ddr.de\/index.php\/wp-json\/wp\/v2\/posts\/1126","targetHints":{"allow":["GET"]}}],"collection":[{"href":"https:\/\/medienerbe-ddr.de\/index.php\/wp-json\/wp\/v2\/posts"}],"about":[{"href":"https:\/\/medienerbe-ddr.de\/index.php\/wp-json\/wp\/v2\/types\/post"}],"author":[{"embeddable":true,"href":"https:\/\/medienerbe-ddr.de\/index.php\/wp-json\/wp\/v2\/users\/4"}],"replies":[{"embeddable":true,"href":"https:\/\/medienerbe-ddr.de\/index.php\/wp-json\/wp\/v2\/comments?post=1126"}],"version-history":[{"count":1,"href":"https:\/\/medienerbe-ddr.de\/index.php\/wp-json\/wp\/v2\/posts\/1126\/revisions"}],"predecessor-version":[{"id":1127,"href":"https:\/\/medienerbe-ddr.de\/index.php\/wp-json\/wp\/v2\/posts\/1126\/revisions\/1127"}],"wp:featuredmedia":[{"embeddable":true,"href":"https:\/\/medienerbe-ddr.de\/index.php\/wp-json\/wp\/v2\/media\/1120"}],"wp:attachment":[{"href":"https:\/\/medienerbe-ddr.de\/index.php\/wp-json\/wp\/v2\/media?parent=1126"}],"wp:term":[{"taxonomy":"category","embeddable":true,"href":"https:\/\/medienerbe-ddr.de\/index.php\/wp-json\/wp\/v2\/categories?post=1126"},{"taxonomy":"post_tag","embeddable":true,"href":"https:\/\/medienerbe-ddr.de\/index.php\/wp-json\/wp\/v2\/tags?post=1126"}],"curies":[{"name":"wp","href":"https:\/\/api.w.org\/{rel}","templated":true}]}}